{"id":2344,"date":"2026-08-20T11:10:01","date_gmt":"2026-08-20T09:10:01","guid":{"rendered":"https:\/\/trackandmemes.com\/?p=2344"},"modified":"2026-08-20T11:49:17","modified_gmt":"2026-08-20T09:49:17","slug":"etoilia-gorrens-une-etoile-supplementaire-pour-lathletisme-belge","status":"publish","type":"post","link":"https:\/\/trackandmemes.com\/en\/etoilia-gorrens-une-etoile-supplementaire-pour-lathletisme-belge\/","title":{"rendered":"Etoilia Gorrens, Another Rising Star in Belgian Athletics"},"content":{"rendered":"\t\t<div data-elementor-type=\"wp-post\" data-elementor-id=\"2344\" class=\"elementor elementor-2344\">\n\t\t\t\t\t\t<section class=\"elementor-section elementor-top-section elementor-element elementor-element-d785cbb elementor-section-boxed elementor-section-height-default elementor-section-height-default\" data-id=\"d785cbb\" data-element_type=\"section\" data-e-type=\"section\">\n\t\t\t\t\t\t<div class=\"elementor-container elementor-column-gap-default\">\n\t\t\t\t\t<div class=\"elementor-column elementor-col-100 elementor-top-column elementor-element elementor-element-0774201\" data-id=\"0774201\" data-element_type=\"column\" data-e-type=\"column\">\n\t\t\t<div class=\"elementor-widget-wrap elementor-element-populated\">\n\t\t\t\t\t\t<div class=\"elementor-element elementor-element-20d6147 elementor-widget elementor-widget-text-editor\" data-id=\"20d6147\" data-element_type=\"widget\" data-e-type=\"widget\" data-widget_type=\"text-editor.default\">\n\t\t\t\t<div class=\"elementor-widget-container\">\n\t\t\t\t\t\t\t\t\t<p>R\u00e9alis\u00e9 par Trackandmemes, le 20 ao\u00fbt 2026<\/p>\t\t\t\t\t\t\t\t<\/div>\n\t\t\t\t<\/div>\n\t\t\t\t\t<\/div>\n\t\t<\/div>\n\t\t\t\t\t<\/div>\n\t\t<\/section>\n\t\t\t\t<section class=\"elementor-section elementor-top-section elementor-element elementor-element-2dfd47d elementor-section-boxed elementor-section-height-default elementor-section-height-default\" data-id=\"2dfd47d\" data-element_type=\"section\" data-e-type=\"section\">\n\t\t\t\t\t\t<div class=\"elementor-container elementor-column-gap-default\">\n\t\t\t\t\t<div class=\"elementor-column elementor-col-100 elementor-top-column elementor-element elementor-element-8a65987\" data-id=\"8a65987\" data-element_type=\"column\" data-e-type=\"column\">\n\t\t\t<div class=\"elementor-widget-wrap elementor-element-populated\">\n\t\t\t\t\t\t<div class=\"elementor-element elementor-element-7ee0c20 elementor-widget elementor-widget-text-editor\" data-id=\"7ee0c20\" data-element_type=\"widget\" data-e-type=\"widget\" data-widget_type=\"text-editor.default\">\n\t\t\t\t<div class=\"elementor-widget-container\">\n\t\t\t\t\t\t\t\t\t<p><span style=\"font-weight: 400;\">\u00a0<\/span><span style=\"font-weight: 400;\">\u00c2g\u00e9e de seulement 15 ans, <\/span><b>Etoilia Gorrens<\/b><span style=\"font-weight: 400;\">, l\u2019athl\u00e8te affili\u00e9e au club n\u00e9erlandophone <\/span><b>ACA Alken<\/b><span style=\"font-weight: 400;\">, est en train de battre tous les records.<\/span><\/p><p><span style=\"font-weight: 400;\">Elle poss\u00e9dait d\u00e9j\u00e0 le record de Belgique en hexathlon depuis l\u2019\u00e9t\u00e9 pass\u00e9, apr\u00e8s avoir accumul\u00e9 un total de 4385 points. Cette ann\u00e9e-ci, elle am\u00e9liore son propre record en r\u00e9coltant <\/span><b>4562<\/b> <b>points<\/b><span style=\"font-weight: 400;\"> !<\/span><\/p>\t\t\t\t\t\t\t\t<\/div>\n\t\t\t\t<\/div>\n\t\t\t\t\t<\/div>\n\t\t<\/div>\n\t\t\t\t\t<\/div>\n\t\t<\/section>\n\t\t\t\t<section class=\"elementor-section elementor-top-section elementor-element elementor-element-0d56b47 elementor-section-boxed elementor-section-height-default elementor-section-height-default\" data-id=\"0d56b47\" data-element_type=\"section\" data-e-type=\"section\">\n\t\t\t\t\t\t<div class=\"elementor-container elementor-column-gap-default\">\n\t\t\t\t\t<div class=\"elementor-column elementor-col-100 elementor-top-column elementor-element elementor-element-8e02ad0\" data-id=\"8e02ad0\" data-element_type=\"column\" data-e-type=\"column\">\n\t\t\t<div class=\"elementor-widget-wrap elementor-element-populated\">\n\t\t\t\t\t\t<div class=\"elementor-element elementor-element-40a4263 elementor-widget elementor-widget-image\" data-id=\"40a4263\" data-element_type=\"widget\" data-e-type=\"widget\" data-widget_type=\"image.default\">\n\t\t\t\t<div class=\"elementor-widget-container\">\n\t\t\t\t\t\t\t\t\t\t\t\t\t\t\t<img fetchpriority=\"high\" decoding=\"async\" width=\"1024\" height=\"683\" src=\"https:\/\/trackandmemes.com\/wp-content\/uploads\/2026\/08\/0d92d7ba-baff-49c6-961e-4a986fe891fa-1024x683.jpeg\" class=\"attachment-large size-large wp-image-2343\" alt=\"\" srcset=\"https:\/\/trackandmemes.com\/wp-content\/uploads\/2026\/08\/0d92d7ba-baff-49c6-961e-4a986fe891fa-1024x683.jpeg 1024w, https:\/\/trackandmemes.com\/wp-content\/uploads\/2026\/08\/0d92d7ba-baff-49c6-961e-4a986fe891fa-300x200.jpeg 300w, https:\/\/trackandmemes.com\/wp-content\/uploads\/2026\/08\/0d92d7ba-baff-49c6-961e-4a986fe891fa-768x512.jpeg 768w, https:\/\/trackandmemes.com\/wp-content\/uploads\/2026\/08\/0d92d7ba-baff-49c6-961e-4a986fe891fa-18x12.jpeg 18w, https:\/\/trackandmemes.com\/wp-content\/uploads\/2026\/08\/0d92d7ba-baff-49c6-961e-4a986fe891fa.jpeg 1080w\" sizes=\"(max-width: 1024px) 100vw, 1024px\" \/>\t\t\t\t\t\t\t\t\t\t\t\t\t\t\t<\/div>\n\t\t\t\t<\/div>\n\t\t\t\t<div class=\"elementor-element elementor-element-2fc9587 elementor-widget elementor-widget-text-editor\" data-id=\"2fc9587\" data-element_type=\"widget\" data-e-type=\"widget\" data-widget_type=\"text-editor.default\">\n\t\t\t\t<div class=\"elementor-widget-container\">\n\t\t\t\t\t\t\t\t\t<p><span style=\"font-weight: 400;\">Pour zoomer sur ses <\/span><b>performances<\/b><span style=\"font-weight: 400;\"> de mani\u00e8re individuelle, en indoor, elle \u00e9tablit des records personnels sur le 60 m\u00e8tres, le 60 m\u00e8tres haies ainsi que le lancer de poids. En outdoor, c\u2019est \u00e0 la longueur, la hauteur, le javelot, le lancer de poids, le 80 m\u00e8tres haies, le 800m, [ et<\/span><i><span style=\"font-weight: 400;\"> non\u2026 Ce n\u2019est pas fini\u2026 <\/span><\/i><span style=\"font-weight: 400;\">], le 300 m\u00e8tres ainsi que le 200 m\u00e8tres qu\u2019elle renouvelle ses performances !<\/span><\/p><p><span style=\"font-weight: 400;\">D\u00e9j\u00e0 tr\u00e8s performante sur le sprint, son record personnel sur <\/span><b>60 m\u00e8tres<\/b><span style=\"font-weight: 400;\"> est de <\/span><b>7 secondes et 85 centi\u00e8mes<\/b><span style=\"font-weight: 400;\">, et <\/span><b>25\u2019\u2019 73<\/b><span style=\"font-weight: 400;\"> sur <\/span><b>200 m\u00e8tres<\/b><span style=\"font-weight: 400;\">.<\/span><\/p>\t\t\t\t\t\t\t\t<\/div>\n\t\t\t\t<\/div>\n\t\t\t\t<div class=\"elementor-element elementor-element-d58542a elementor-widget-divider--view-line elementor-widget elementor-widget-divider\" data-id=\"d58542a\" data-element_type=\"widget\" data-e-type=\"widget\" data-widget_type=\"divider.default\">\n\t\t\t\t<div class=\"elementor-widget-container\">\n\t\t\t\t\t\t\t<div class=\"elementor-divider\">\n\t\t\t<span class=\"elementor-divider-separator\">\n\t\t\t\t\t\t<\/span>\n\t\t<\/div>\n\t\t\t\t\t\t<\/div>\n\t\t\t\t<\/div>\n\t\t\t\t<div class=\"elementor-element elementor-element-853d6f9 elementor-shape-rounded elementor-grid-0 e-grid-align-center elementor-widget elementor-widget-social-icons\" data-id=\"853d6f9\" data-element_type=\"widget\" data-e-type=\"widget\" data-widget_type=\"social-icons.default\">\n\t\t\t\t<div class=\"elementor-widget-container\">\n\t\t\t\t\t\t\t<div class=\"elementor-social-icons-wrapper elementor-grid\">\n\t\t\t\t\t\t\t<span class=\"elementor-grid-item\">\n\t\t\t\t\t<a class=\"elementor-icon elementor-social-icon elementor-social-icon-instagram elementor-repeater-item-5d42424\" href=\"https:\/\/www.instagram.com\/etoiliagorrens?igsi=cTN5amJjOGlseWYy\" target=\"_blank\">\n\t\t\t\t\t\t<span class=\"elementor-screen-only\">Instagram<\/span>\n\t\t\t\t\t\t<i aria-hidden=\"true\" class=\"fab fa-instagram\"><\/i>\t\t\t\t\t<\/a>\n\t\t\t\t<\/span>\n\t\t\t\t\t<\/div>\n\t\t\t\t\t\t<\/div>\n\t\t\t\t<\/div>\n\t\t\t\t<div class=\"elementor-element elementor-element-a2a10a1 elementor-widget-divider--view-line elementor-widget elementor-widget-divider\" data-id=\"a2a10a1\" data-element_type=\"widget\" data-e-type=\"widget\" data-widget_type=\"divider.default\">\n\t\t\t\t<div class=\"elementor-widget-container\">\n\t\t\t\t\t\t\t<div class=\"elementor-divider\">\n\t\t\t<span class=\"elementor-divider-separator\">\n\t\t\t\t\t\t<\/span>\n\t\t<\/div>\n\t\t\t\t\t\t<\/div>\n\t\t\t\t<\/div>\n\t\t\t\t<div class=\"elementor-element elementor-element-83764fd elementor-widget elementor-widget-text-editor\" data-id=\"83764fd\" data-element_type=\"widget\" data-e-type=\"widget\" data-widget_type=\"text-editor.default\">\n\t\t\t\t<div class=\"elementor-widget-container\">\n\t\t\t\t\t\t\t\t\t<p><b>Comment tout a commenc\u00e9 ?<\/b><\/p><p><span style=\"font-weight: 400;\">J\u2019ai d\u00e9but\u00e9 par la Cross-Cup en tant que coureur de cross-country. D\u00e8s mes deux premi\u00e8res ann\u00e9es, j\u2019ai remport\u00e9 la comp\u00e9tition. J\u2019ai tellement pris go\u00fbt \u00e0 la course que j\u2019ai eu envie de poursuivre l\u2019aventure durant la saison estivale. C\u2019est ainsi que j\u2019ai d\u00e9couvert l\u2019athl\u00e9tisme sur piste, et l\u00e0 encore, ce fut un v\u00e9ritable coup de foudre. Depuis, j\u2019ai explor\u00e9 toutes les disciplines.<\/span><\/p><p><b>Qui est ton coach, et \u00e0 quoi ressemble tes journ\u00e9es d\u2019entra\u00eenement ?<\/b><\/p><p><span style=\"font-weight: 400;\">Mon premier entra\u00eeneur est mon p\u00e8re, <\/span><b>Michel Gorrens<\/b><span style=\"font-weight: 400;\">. Quelques ann\u00e9es plus tard, ma coach, <\/span><b>Linde Ceyssens<\/b><span style=\"font-weight: 400;\">, a rejoint l\u2019\u00e9quipe. Mon entra\u00eenement varie en fonction de la p\u00e9riode de l\u2019ann\u00e9e et est adapt\u00e9 lorsque cela est n\u00e9cessaire, notamment pour pouvoir concilier le sport avec l\u2019\u00e9cole.<\/span><\/p><p><span style=\"font-weight: 400;\">J\u2019ai g\u00e9n\u00e9ralement un jour de repos entre chaque s\u00e9ance d\u2019entra\u00eenement, et la structure de mes entra\u00eenements d\u00e9pend de ce que je travaille et de ce dont mon corps a besoin \u00e0 ce moment-l\u00e0. <\/span><\/p>\t\t\t\t\t\t\t\t<\/div>\n\t\t\t\t<\/div>\n\t\t\t\t<div class=\"elementor-element elementor-element-34932af elementor-widget elementor-widget-image\" data-id=\"34932af\" data-element_type=\"widget\" data-e-type=\"widget\" data-widget_type=\"image.default\">\n\t\t\t\t<div class=\"elementor-widget-container\">\n\t\t\t\t\t\t\t\t\t\t\t\t\t\t\t<img decoding=\"async\" width=\"575\" height=\"1024\" src=\"https:\/\/trackandmemes.com\/wp-content\/uploads\/2026\/08\/34D91588-A9E0-4B3F-8202-8AAC82965171-575x1024.jpg\" class=\"attachment-large size-large wp-image-2349\" alt=\"\" srcset=\"https:\/\/trackandmemes.com\/wp-content\/uploads\/2026\/08\/34D91588-A9E0-4B3F-8202-8AAC82965171-575x1024.jpg 575w, https:\/\/trackandmemes.com\/wp-content\/uploads\/2026\/08\/34D91588-A9E0-4B3F-8202-8AAC82965171-168x300.jpg 168w, https:\/\/trackandmemes.com\/wp-content\/uploads\/2026\/08\/34D91588-A9E0-4B3F-8202-8AAC82965171-768x1367.jpg 768w, https:\/\/trackandmemes.com\/wp-content\/uploads\/2026\/08\/34D91588-A9E0-4B3F-8202-8AAC82965171-863x1536.jpg 863w, https:\/\/trackandmemes.com\/wp-content\/uploads\/2026\/08\/34D91588-A9E0-4B3F-8202-8AAC82965171-7x12.jpg 7w, https:\/\/trackandmemes.com\/wp-content\/uploads\/2026\/08\/34D91588-A9E0-4B3F-8202-8AAC82965171.jpg 1080w\" sizes=\"(max-width: 575px) 100vw, 575px\" \/>\t\t\t\t\t\t\t\t\t\t\t\t\t\t\t<\/div>\n\t\t\t\t<\/div>\n\t\t\t\t\t<\/div>\n\t\t<\/div>\n\t\t\t\t\t<\/div>\n\t\t<\/section>\n\t\t\t\t<section class=\"elementor-section elementor-top-section elementor-element elementor-element-453808e elementor-section-boxed elementor-section-height-default elementor-section-height-default\" data-id=\"453808e\" data-element_type=\"section\" data-e-type=\"section\">\n\t\t\t\t\t\t<div class=\"elementor-container elementor-column-gap-default\">\n\t\t\t\t\t<div class=\"elementor-column elementor-col-100 elementor-top-column elementor-element elementor-element-eb8a7d6\" data-id=\"eb8a7d6\" data-element_type=\"column\" data-e-type=\"column\">\n\t\t\t<div class=\"elementor-widget-wrap elementor-element-populated\">\n\t\t\t\t\t\t<div class=\"elementor-element elementor-element-89a9621 elementor-widget elementor-widget-text-editor\" data-id=\"89a9621\" data-element_type=\"widget\" data-e-type=\"widget\" data-widget_type=\"text-editor.default\">\n\t\t\t\t<div class=\"elementor-widget-container\">\n\t\t\t\t\t\t\t\t\t<p><b>Quelles sont les avantages et d\u00e9savantages de s\u2019entra\u00eener avec son p\u00e8re ?<\/b><\/p><p><span style=\"font-weight: 400;\">Mon p\u00e8re et moi pouvons nous entra\u00eener quand nous le souhaitons, ce qui nous permet de choisir le meilleur moment de la journ\u00e9e et d\u2019\u00e9viter les probl\u00e8mes li\u00e9s aux conditions m\u00e9t\u00e9orologiques. Pour nous, il n\u2019y a pas vraiment d\u2019inconv\u00e9nients : pendant l\u2019entra\u00eenement, il est mon entra\u00eeneur, et une fois l\u2019entra\u00eenement termin\u00e9, il redevient simplement mon p\u00e8re.<\/span><\/p>\t\t\t\t\t\t\t\t<\/div>\n\t\t\t\t<\/div>\n\t\t\t\t<div class=\"elementor-element elementor-element-6a239a0 elementor-widget elementor-widget-image\" data-id=\"6a239a0\" data-element_type=\"widget\" data-e-type=\"widget\" data-widget_type=\"image.default\">\n\t\t\t\t<div class=\"elementor-widget-container\">\n\t\t\t\t\t\t\t\t\t\t\t\t\t\t\t<img decoding=\"async\" width=\"768\" height=\"1024\" src=\"https:\/\/trackandmemes.com\/wp-content\/uploads\/2026\/08\/F46293EB-D78D-4EB3-AF80-D639428D8DA3-768x1024.jpg\" class=\"attachment-large size-large wp-image-2348\" alt=\"\" srcset=\"https:\/\/trackandmemes.com\/wp-content\/uploads\/2026\/08\/F46293EB-D78D-4EB3-AF80-D639428D8DA3-768x1024.jpg 768w, https:\/\/trackandmemes.com\/wp-content\/uploads\/2026\/08\/F46293EB-D78D-4EB3-AF80-D639428D8DA3-225x300.jpg 225w, https:\/\/trackandmemes.com\/wp-content\/uploads\/2026\/08\/F46293EB-D78D-4EB3-AF80-D639428D8DA3-9x12.jpg 9w, https:\/\/trackandmemes.com\/wp-content\/uploads\/2026\/08\/F46293EB-D78D-4EB3-AF80-D639428D8DA3.jpg 1080w\" sizes=\"(max-width: 768px) 100vw, 768px\" \/>\t\t\t\t\t\t\t\t\t\t\t\t\t\t\t<\/div>\n\t\t\t\t<\/div>\n\t\t\t\t<div class=\"elementor-element elementor-element-8bc98c6 elementor-widget elementor-widget-text-editor\" data-id=\"8bc98c6\" data-element_type=\"widget\" data-e-type=\"widget\" data-widget_type=\"text-editor.default\">\n\t\t\t\t<div class=\"elementor-widget-container\">\n\t\t\t\t\t\t\t\t\t<p><b>Pourquoi as-tu finalement d\u00e9cid\u00e9 de t\u2019entrainer avec un autre entra\u00eeneur, qui compl\u00e8te ta collaboration avec ton p\u00e8re ?<\/b><\/p><p><span style=\"font-weight: 400;\">La premi\u00e8re fois que nous nous sommes rencontr\u00e9es, coach Linde et moi, je m\u2019\u00e9tais perdue en courant dans la for\u00eat, et elle m\u2019a montr\u00e9 le chemin du retour. Depuis ce jour-l\u00e0, elle est devenue ma coach.<\/span><\/p><p><span style=\"font-weight: 400;\">\u00c7a s\u2019est fait assez naturellement. Nos chemins se sont crois\u00e9s et nous avons rapidement r\u00e9alis\u00e9 que nous travaillions tr\u00e8s bien ensemble. Je pense que cela aide aussi que mon entra\u00eeneur soit tout aussi motiv\u00e9 et impliqu\u00e9 que nous.<\/span><\/p><p><b>Comment se passe ta saison ?<\/b><\/p><p><span style=\"font-weight: 400;\">Tout s\u2019est d\u00e9roul\u00e9 comme je l\u2019esp\u00e9rais. Je suis vraiment contente des records de Belgique que j\u2019ai \u00e9tablis en heptathlon, en saut en longueur et en pentathlon en plein air. Les seules \u00e9preuves pour lesquelles j\u2019aurais aim\u00e9 obtenir de meilleurs r\u00e9sultats sont le lancer du poids et le javelot, car je sais que je suis capable de faire mieux.<\/span><\/p><p><span style=\"font-weight: 400;\">Cette ann\u00e9e a \u00e9galement \u00e9t\u00e9 une excellente exp\u00e9rience d\u2019apprentissage pour moi, notamment en ce qui concerne les comp\u00e9titions de haut niveau. J\u2019ai appris comment fonctionnent les chambres d\u2019appel et comment je dois adapter ma routine d\u2019\u00e9chauffement afin d\u2019\u00eatre au meilleur de moi-m\u00eame lors de ce type de comp\u00e9titions.<\/span><\/p>\t\t\t\t\t\t\t\t<\/div>\n\t\t\t\t<\/div>\n\t\t\t\t<div class=\"elementor-element elementor-element-d9dd92c elementor-widget elementor-widget-image\" data-id=\"d9dd92c\" data-element_type=\"widget\" data-e-type=\"widget\" data-widget_type=\"image.default\">\n\t\t\t\t<div class=\"elementor-widget-container\">\n\t\t\t\t\t\t\t\t\t\t\t\t\t\t\t<img loading=\"lazy\" decoding=\"async\" width=\"768\" height=\"1024\" src=\"https:\/\/trackandmemes.com\/wp-content\/uploads\/2026\/08\/6D5CB2F5-E87A-4EA6-86A6-18FDCE6114B2-768x1024.jpg\" class=\"attachment-large size-large wp-image-2350\" alt=\"\" srcset=\"https:\/\/trackandmemes.com\/wp-content\/uploads\/2026\/08\/6D5CB2F5-E87A-4EA6-86A6-18FDCE6114B2-768x1024.jpg 768w, https:\/\/trackandmemes.com\/wp-content\/uploads\/2026\/08\/6D5CB2F5-E87A-4EA6-86A6-18FDCE6114B2-225x300.jpg 225w, https:\/\/trackandmemes.com\/wp-content\/uploads\/2026\/08\/6D5CB2F5-E87A-4EA6-86A6-18FDCE6114B2-9x12.jpg 9w, https:\/\/trackandmemes.com\/wp-content\/uploads\/2026\/08\/6D5CB2F5-E87A-4EA6-86A6-18FDCE6114B2.jpg 1080w\" sizes=\"(max-width: 768px) 100vw, 768px\" \/>\t\t\t\t\t\t\t\t\t\t\t\t\t\t\t<\/div>\n\t\t\t\t<\/div>\n\t\t\t\t<div class=\"elementor-element elementor-element-514d2f4 elementor-widget elementor-widget-text-editor\" data-id=\"514d2f4\" data-element_type=\"widget\" data-e-type=\"widget\" data-widget_type=\"text-editor.default\">\n\t\t\t\t<div class=\"elementor-widget-container\">\n\t\t\t\t\t\t\t\t\t<p><b>Quels sont tes objectifs \u00e0 court et long terme ?<\/b><\/p><p><span style=\"font-weight: 400;\">\u00c0 long terme, j\u2019aimerais participer \u00e0 de <\/span><b>grandes comp\u00e9titions internationales<\/b><span style=\"font-weight: 400;\">. Mais avant tout, je souhaite continuer \u00e0 progresser et devenir la meilleure version de moi-m\u00eame. \u00c0 court terme, mes principaux objectifs sont les championnats flamands et les championnats de Belgique.<\/span><\/p>\t\t\t\t\t\t\t\t<\/div>\n\t\t\t\t<\/div>\n\t\t\t\t<div class=\"elementor-element elementor-element-f545bb2 elementor-widget elementor-widget-image\" data-id=\"f545bb2\" data-element_type=\"widget\" data-e-type=\"widget\" data-widget_type=\"image.default\">\n\t\t\t\t<div class=\"elementor-widget-container\">\n\t\t\t\t\t\t\t\t\t\t\t\t\t\t\t<img loading=\"lazy\" decoding=\"async\" width=\"683\" height=\"1024\" src=\"https:\/\/trackandmemes.com\/wp-content\/uploads\/2026\/08\/5BE647B4-7956-457E-8A06-7B8EF8B0EFB9-683x1024.jpg\" class=\"attachment-large size-large wp-image-2351\" alt=\"\" srcset=\"https:\/\/trackandmemes.com\/wp-content\/uploads\/2026\/08\/5BE647B4-7956-457E-8A06-7B8EF8B0EFB9-683x1024.jpg 683w, https:\/\/trackandmemes.com\/wp-content\/uploads\/2026\/08\/5BE647B4-7956-457E-8A06-7B8EF8B0EFB9-200x300.jpg 200w, https:\/\/trackandmemes.com\/wp-content\/uploads\/2026\/08\/5BE647B4-7956-457E-8A06-7B8EF8B0EFB9-768x1152.jpg 768w, https:\/\/trackandmemes.com\/wp-content\/uploads\/2026\/08\/5BE647B4-7956-457E-8A06-7B8EF8B0EFB9-1024x1536.jpg 1024w, https:\/\/trackandmemes.com\/wp-content\/uploads\/2026\/08\/5BE647B4-7956-457E-8A06-7B8EF8B0EFB9-8x12.jpg 8w, https:\/\/trackandmemes.com\/wp-content\/uploads\/2026\/08\/5BE647B4-7956-457E-8A06-7B8EF8B0EFB9.jpg 1080w\" sizes=\"(max-width: 683px) 100vw, 683px\" \/>\t\t\t\t\t\t\t\t\t\t\t\t\t\t\t<\/div>\n\t\t\t\t<\/div>\n\t\t\t\t<div class=\"elementor-element elementor-element-3fc146f elementor-widget elementor-widget-text-editor\" data-id=\"3fc146f\" data-element_type=\"widget\" data-e-type=\"widget\" data-widget_type=\"text-editor.default\">\n\t\t\t\t<div class=\"elementor-widget-container\">\n\t\t\t\t\t\t\t\t\t<p><b>Es-tu la seule dans ta famille \u00e0 faire du sport ?<\/b><\/p><p><span style=\"font-weight: 400;\">Non, nous faisons tous du sport, mais pas au m\u00eame niveau. Par exemple, ma s\u0153ur n\u2019aime pas vraiment se fatiguer. \ud83d\ude05\ud83d\ude01<\/span><\/p><p><span style=\"font-weight: 400;\">Mon p\u00e8re ne peut plus courir pour des raisons personnelles, mais il aime toujours autant le sport.<\/span><\/p><p><span style=\"font-weight: 400;\">Quand j\u2019\u00e9tais plus jeune, je n\u2019arrivais pas \u00e0 le suivre quand nous allions courir, et maintenant, c\u2019est lui qui n\u2019arrive plus \u00e0 me suivre. \ud83d\ude04<\/span><\/p><p><span style=\"font-weight: 400;\">Ma s\u0153ur aime aussi le sport, mais la comp\u00e9tition, ce n\u2019est pas vraiment son truc pour le moment.<\/span><\/p><p><b>Quelle discipline est la plus challengeante \u00e0 tes yeux ?<\/b><\/p><p><span style=\"font-weight: 400;\">Le saut en hauteur est l\u2019une des \u00e9preuves les plus techniques. Pour moi, c\u2019est la discipline dans laquelle j\u2019ai le plus de marge de progression. Tout est une question de timing.<\/span><\/p>\t\t\t\t\t\t\t\t<\/div>\n\t\t\t\t<\/div>\n\t\t\t\t\t<\/div>\n\t\t<\/div>\n\t\t\t\t\t<\/div>\n\t\t<\/section>\n\t\t\t\t<section class=\"elementor-section elementor-top-section elementor-element elementor-element-7e9e180 elementor-section-boxed elementor-section-height-default elementor-section-height-default\" data-id=\"7e9e180\" data-element_type=\"section\" data-e-type=\"section\">\n\t\t\t\t\t\t<div class=\"elementor-container elementor-column-gap-default\">\n\t\t\t\t\t<div class=\"elementor-column elementor-col-100 elementor-top-column elementor-element elementor-element-e0cdf7b\" data-id=\"e0cdf7b\" data-element_type=\"column\" data-e-type=\"column\">\n\t\t\t<div class=\"elementor-widget-wrap elementor-element-populated\">\n\t\t\t\t\t\t<div class=\"elementor-element elementor-element-5e2458d elementor-widget-divider--view-line elementor-widget elementor-widget-divider\" data-id=\"5e2458d\" data-element_type=\"widget\" data-e-type=\"widget\" data-widget_type=\"divider.default\">\n\t\t\t\t<div class=\"elementor-widget-container\">\n\t\t\t\t\t\t\t<div class=\"elementor-divider\">\n\t\t\t<span class=\"elementor-divider-separator\">\n\t\t\t\t\t\t<\/span>\n\t\t<\/div>\n\t\t\t\t\t\t<\/div>\n\t\t\t\t<\/div>\n\t\t\t\t\t<\/div>\n\t\t<\/div>\n\t\t\t\t\t<\/div>\n\t\t<\/section>\n\t\t\t\t<\/div>\n\t\t","protected":false},"excerpt":{"rendered":"<p>R\u00e9alis\u00e9 par Trackandmemes, le 20 ao\u00fbt 2026 \u00a0\u00c2g\u00e9e de seulement 15 ans, Etoilia Gorrens, l\u2019athl\u00e8te affili\u00e9e au club n\u00e9erlandophone ACA Alken, est en train de battre tous les records. Elle poss\u00e9dait d\u00e9j\u00e0 le record de Belgique en hexathlon depuis l\u2019\u00e9t\u00e9 pass\u00e9, apr\u00e8s avoir accumul\u00e9 un total de 4385 points. Cette ann\u00e9e-ci, elle am\u00e9liore son propre [&hellip;]<\/p>\n","protected":false},"author":1,"featured_media":2343,"comment_status":"closed","ping_status":"open","sticky":false,"template":"","format":"standard","meta":{"om_disable_all_campaigns":false,"_monsterinsights_skip_tracking":false,"footnotes":""},"categories":[9],"tags":[249,248,247,246,183],"class_list":["post-2344","post","type-post","status-publish","format-standard","has-post-thumbnail","hentry","category-epreuves-combinees","tag-belgian-athletics","tag-epreuves-combinees","tag-heptathlon","tag-hexathlon","tag-sport-belgique"],"aioseo_notices":[],"aioseo_head":"\n\t\t<!-- All in One SEO 5.0.1.1 - aioseo.com -->\n\t<meta name=\"description\" content=\"R\u00e9alis\u00e9 par Trackandmemes, le 20 ao\u00fbt 2026 \u00c2g\u00e9e de seulement 15 ans, Etoilia Gorrens, l\u2019athl\u00e8te affili\u00e9e au club n\u00e9erlandophone ACA Alken, est en train de battre tous les records. Elle poss\u00e9dait d\u00e9j\u00e0 le record de Belgique en hexathlon depuis l\u2019\u00e9t\u00e9 pass\u00e9, apr\u00e8s avoir accumul\u00e9 un total de 4385 points. Cette ann\u00e9e-ci, elle am\u00e9liore son propre\" \/>\n\t<meta name=\"robots\" content=\"max-image-preview:large\" \/>\n\t<meta name=\"author\" content=\"trackandmemes\"\/>\n\t<link rel=\"canonical\" href=\"https:\/\/trackandmemes.com\/en\/etoilia-gorrens-une-etoile-supplementaire-pour-lathletisme-belge\/\" \/>\n\t<meta name=\"generator\" content=\"All in One SEO (AIOSEO) 5.0.1.1\" \/>\n\t\t<meta property=\"og:locale\" content=\"en_US\" \/>\n\t\t<meta property=\"og:site_name\" content=\"Trackandmemes \u2013 JOURNAL DE BORD D&#039;UN ATHL\u00c8TE\" \/>\n\t\t<meta property=\"og:type\" content=\"article\" \/>\n\t\t<meta property=\"og:title\" content=\"Etoilia Gorrens, une \u00e9toile suppl\u00e9mentaire pour l\u2019athl\u00e9tisme belge \u2013 Trackandmemes\" \/>\n\t\t<meta property=\"og:description\" content=\"R\u00e9alis\u00e9 par Trackandmemes, le 20 ao\u00fbt 2026 \u00c2g\u00e9e de seulement 15 ans, Etoilia Gorrens, l\u2019athl\u00e8te affili\u00e9e au club n\u00e9erlandophone ACA Alken, est en train de battre tous les records. Elle poss\u00e9dait d\u00e9j\u00e0 le record de Belgique en hexathlon depuis l\u2019\u00e9t\u00e9 pass\u00e9, apr\u00e8s avoir accumul\u00e9 un total de 4385 points. Cette ann\u00e9e-ci, elle am\u00e9liore son propre\" \/>\n\t\t<meta property=\"og:url\" content=\"https:\/\/trackandmemes.com\/en\/etoilia-gorrens-une-etoile-supplementaire-pour-lathletisme-belge\/\" \/>\n\t\t<meta property=\"og:image\" content=\"https:\/\/trackandmemes.com\/wp-content\/uploads\/2026\/08\/0d92d7ba-baff-49c6-961e-4a986fe891fa.jpeg\" \/>\n\t\t<meta property=\"og:image:secure_url\" content=\"https:\/\/trackandmemes.com\/wp-content\/uploads\/2026\/08\/0d92d7ba-baff-49c6-961e-4a986fe891fa.jpeg\" \/>\n\t\t<meta property=\"og:image:width\" content=\"1080\" \/>\n\t\t<meta property=\"og:image:height\" content=\"720\" \/>\n\t\t<meta property=\"article:published_time\" content=\"2026-08-20T09:10:01+00:00\" \/>\n\t\t<meta property=\"article:modified_time\" content=\"2026-08-20T09:49:17+00:00\" \/>\n\t\t<meta property=\"article:author\" content=\"https:\/\/www.facebook.com\/trackandmemes\" \/>\n\t\t<meta name=\"twitter:card\" content=\"summary\" \/>\n\t\t<meta name=\"twitter:site\" content=\"@trackandmemes\" \/>\n\t\t<meta name=\"twitter:title\" content=\"Etoilia Gorrens, une \u00e9toile suppl\u00e9mentaire pour l\u2019athl\u00e9tisme belge \u2013 Trackandmemes\" \/>\n\t\t<meta name=\"twitter:description\" content=\"R\u00e9alis\u00e9 par Trackandmemes, le 20 ao\u00fbt 2026 \u00c2g\u00e9e de seulement 15 ans, Etoilia Gorrens, l\u2019athl\u00e8te affili\u00e9e au club n\u00e9erlandophone ACA Alken, est en train de battre tous les records. Elle poss\u00e9dait d\u00e9j\u00e0 le record de Belgique en hexathlon depuis l\u2019\u00e9t\u00e9 pass\u00e9, apr\u00e8s avoir accumul\u00e9 un total de 4385 points. Cette ann\u00e9e-ci, elle am\u00e9liore son propre\" \/>\n\t\t<meta name=\"twitter:creator\" content=\"@trackandmemes\" \/>\n\t\t<meta name=\"twitter:image\" content=\"https:\/\/trackandmemes.com\/wp-content\/uploads\/2026\/08\/0d92d7ba-baff-49c6-961e-4a986fe891fa.jpeg\" \/>\n\t\t<script type=\"application\/ld+json\" class=\"aioseo-schema\">\n\t\t\t{\"@context\":\"https:\\\/\\\/schema.org\",\"@graph\":[{\"@type\":\"BlogPosting\",\"@id\":\"https:\\\/\\\/trackandmemes.com\\\/en\\\/etoilia-gorrens-une-etoile-supplementaire-pour-lathletisme-belge\\\/#blogposting\",\"name\":\"Etoilia Gorrens, une \\u00e9toile suppl\\u00e9mentaire pour l\\u2019athl\\u00e9tisme belge \\u2013 Trackandmemes\",\"headline\":\"Etoilia Gorrens, une \\u00e9toile suppl\\u00e9mentaire pour l\\u2019athl\\u00e9tisme belge\",\"author\":{\"@id\":\"https:\\\/\\\/trackandmemes.com\\\/en\\\/author\\\/trackandmemes\\\/#author\"},\"publisher\":{\"@id\":\"https:\\\/\\\/trackandmemes.com\\\/en\\\/#organization\"},\"image\":{\"@type\":\"ImageObject\",\"url\":\"https:\\\/\\\/trackandmemes.com\\\/wp-content\\\/uploads\\\/2026\\\/08\\\/0d92d7ba-baff-49c6-961e-4a986fe891fa.jpeg\",\"width\":1080,\"height\":720},\"datePublished\":\"2026-08-20T11:10:01+02:00\",\"dateModified\":\"2026-08-20T11:49:17+02:00\",\"inLanguage\":\"en-US\",\"mainEntityOfPage\":{\"@id\":\"https:\\\/\\\/trackandmemes.com\\\/en\\\/etoilia-gorrens-une-etoile-supplementaire-pour-lathletisme-belge\\\/#webpage\"},\"isPartOf\":{\"@id\":\"https:\\\/\\\/trackandmemes.com\\\/en\\\/etoilia-gorrens-une-etoile-supplementaire-pour-lathletisme-belge\\\/#webpage\"},\"articleSection\":\"Epreuves combin\\u00e9es, Belgian athletics, \\u00e9preuves combin\\u00e9es, heptathlon, hexathlon, sport belgique\"},{\"@type\":\"BreadcrumbList\",\"@id\":\"https:\\\/\\\/trackandmemes.com\\\/en\\\/etoilia-gorrens-une-etoile-supplementaire-pour-lathletisme-belge\\\/#breadcrumblist\",\"itemListElement\":[{\"@type\":\"ListItem\",\"@id\":\"https:\\\/\\\/trackandmemes.com\\\/en#listItem\",\"position\":1,\"name\":\"Accueil\",\"item\":\"https:\\\/\\\/trackandmemes.com\\\/en\",\"nextItem\":{\"@type\":\"ListItem\",\"@id\":\"https:\\\/\\\/trackandmemes.com\\\/en\\\/category\\\/epreuves-combinees\\\/#listItem\",\"name\":\"Epreuves combin\\u00e9es\"}},{\"@type\":\"ListItem\",\"@id\":\"https:\\\/\\\/trackandmemes.com\\\/en\\\/category\\\/epreuves-combinees\\\/#listItem\",\"position\":2,\"name\":\"Epreuves combin\\u00e9es\",\"item\":\"https:\\\/\\\/trackandmemes.com\\\/en\\\/category\\\/epreuves-combinees\\\/\",\"nextItem\":{\"@type\":\"ListItem\",\"@id\":\"https:\\\/\\\/trackandmemes.com\\\/en\\\/etoilia-gorrens-une-etoile-supplementaire-pour-lathletisme-belge\\\/#listItem\",\"name\":\"Etoilia Gorrens, une \\u00e9toile suppl\\u00e9mentaire pour l\\u2019athl\\u00e9tisme belge\"},\"previousItem\":{\"@type\":\"ListItem\",\"@id\":\"https:\\\/\\\/trackandmemes.com\\\/en#listItem\",\"name\":\"Accueil\"}},{\"@type\":\"ListItem\",\"@id\":\"https:\\\/\\\/trackandmemes.com\\\/en\\\/etoilia-gorrens-une-etoile-supplementaire-pour-lathletisme-belge\\\/#listItem\",\"position\":3,\"name\":\"Etoilia Gorrens, une \\u00e9toile suppl\\u00e9mentaire pour l\\u2019athl\\u00e9tisme belge\",\"previousItem\":{\"@type\":\"ListItem\",\"@id\":\"https:\\\/\\\/trackandmemes.com\\\/en\\\/category\\\/epreuves-combinees\\\/#listItem\",\"name\":\"Epreuves combin\\u00e9es\"}}]},{\"@type\":\"Organization\",\"@id\":\"https:\\\/\\\/trackandmemes.com\\\/en\\\/#organization\",\"name\":\"trackandmemes\",\"description\":\"JOURNAL DE BORD D'UN ATHL\\u00c8TE\",\"url\":\"https:\\\/\\\/trackandmemes.com\\\/en\\\/\",\"telephone\":\"+32468181148\",\"logo\":{\"@type\":\"ImageObject\",\"url\":\"https:\\\/\\\/trackandmemes.com\\\/wp-content\\\/uploads\\\/2021\\\/04\\\/cropped-Fichier-2.png\",\"@id\":\"https:\\\/\\\/trackandmemes.com\\\/en\\\/etoilia-gorrens-une-etoile-supplementaire-pour-lathletisme-belge\\\/#organizationLogo\",\"width\":512,\"height\":512},\"image\":{\"@id\":\"https:\\\/\\\/trackandmemes.com\\\/en\\\/etoilia-gorrens-une-etoile-supplementaire-pour-lathletisme-belge\\\/#organizationLogo\"},\"sameAs\":[\"https:\\\/\\\/twitter.com\\\/trackandmemes?s=21\",\"https:\\\/\\\/www.instagram.com\\\/trackandmemesmagazine\\\/\"]},{\"@type\":\"Person\",\"@id\":\"https:\\\/\\\/trackandmemes.com\\\/en\\\/author\\\/trackandmemes\\\/#author\",\"url\":\"https:\\\/\\\/trackandmemes.com\\\/en\\\/author\\\/trackandmemes\\\/\",\"name\":\"trackandmemes\",\"image\":{\"@type\":\"ImageObject\",\"@id\":\"https:\\\/\\\/trackandmemes.com\\\/en\\\/etoilia-gorrens-une-etoile-supplementaire-pour-lathletisme-belge\\\/#authorImage\",\"url\":\"https:\\\/\\\/secure.gravatar.com\\\/avatar\\\/0d4e08c42bddb887cc3e0d362a4fbf083721d6c957cddaa55fe6c7284d19ba9b?s=96&d=mm&r=g\",\"width\":96,\"height\":96,\"caption\":\"trackandmemes\"},\"sameAs\":[\"https:\\\/\\\/www.facebook.com\\\/trackandmemes\",\"https:\\\/\\\/twitter.com\\\/trackandmemes\",\"https:\\\/\\\/www.instagram.com\\\/trackandmemesmagazine\\\/\"]},{\"@type\":\"WebPage\",\"@id\":\"https:\\\/\\\/trackandmemes.com\\\/en\\\/etoilia-gorrens-une-etoile-supplementaire-pour-lathletisme-belge\\\/#webpage\",\"url\":\"https:\\\/\\\/trackandmemes.com\\\/en\\\/etoilia-gorrens-une-etoile-supplementaire-pour-lathletisme-belge\\\/\",\"name\":\"Etoilia Gorrens, une \\u00e9toile suppl\\u00e9mentaire pour l\\u2019athl\\u00e9tisme belge \\u2013 Trackandmemes\",\"description\":\"R\\u00e9alis\\u00e9 par Trackandmemes, le 20 ao\\u00fbt 2026 \\u00c2g\\u00e9e de seulement 15 ans, Etoilia Gorrens, l\\u2019athl\\u00e8te affili\\u00e9e au club n\\u00e9erlandophone ACA Alken, est en train de battre tous les records. Elle poss\\u00e9dait d\\u00e9j\\u00e0 le record de Belgique en hexathlon depuis l\\u2019\\u00e9t\\u00e9 pass\\u00e9, apr\\u00e8s avoir accumul\\u00e9 un total de 4385 points. Cette ann\\u00e9e-ci, elle am\\u00e9liore son propre\",\"inLanguage\":\"en-US\",\"isPartOf\":{\"@id\":\"https:\\\/\\\/trackandmemes.com\\\/en\\\/#website\"},\"breadcrumb\":{\"@id\":\"https:\\\/\\\/trackandmemes.com\\\/en\\\/etoilia-gorrens-une-etoile-supplementaire-pour-lathletisme-belge\\\/#breadcrumblist\"},\"author\":{\"@id\":\"https:\\\/\\\/trackandmemes.com\\\/en\\\/author\\\/trackandmemes\\\/#author\"},\"creator\":{\"@id\":\"https:\\\/\\\/trackandmemes.com\\\/en\\\/author\\\/trackandmemes\\\/#author\"},\"image\":{\"@type\":\"ImageObject\",\"url\":\"https:\\\/\\\/trackandmemes.com\\\/wp-content\\\/uploads\\\/2026\\\/08\\\/0d92d7ba-baff-49c6-961e-4a986fe891fa.jpeg\",\"@id\":\"https:\\\/\\\/trackandmemes.com\\\/en\\\/etoilia-gorrens-une-etoile-supplementaire-pour-lathletisme-belge\\\/#mainImage\",\"width\":1080,\"height\":720},\"primaryImageOfPage\":{\"@id\":\"https:\\\/\\\/trackandmemes.com\\\/en\\\/etoilia-gorrens-une-etoile-supplementaire-pour-lathletisme-belge\\\/#mainImage\"},\"datePublished\":\"2026-08-20T11:10:01+02:00\",\"dateModified\":\"2026-08-20T11:49:17+02:00\"},{\"@type\":\"WebSite\",\"@id\":\"https:\\\/\\\/trackandmemes.com\\\/en\\\/#website\",\"url\":\"https:\\\/\\\/trackandmemes.com\\\/en\\\/\",\"name\":\"Trackandmemes Magazine\",\"alternateName\":\"Trackandmemes\",\"description\":\"JOURNAL DE BORD D'UN ATHL\\u00c8TE\",\"inLanguage\":\"en-US\",\"publisher\":{\"@id\":\"https:\\\/\\\/trackandmemes.com\\\/en\\\/#organization\"}}]}\n\t\t<\/script>\n\t\t<!-- All in One SEO -->\n\n","aioseo_head_json":{"title":"Etoilia Gorrens, une \u00e9toile suppl\u00e9mentaire pour l\u2019athl\u00e9tisme belge \u2013 Trackandmemes","description":"R\u00e9alis\u00e9 par Trackandmemes, le 20 ao\u00fbt 2026 \u00c2g\u00e9e de seulement 15 ans, Etoilia Gorrens, l\u2019athl\u00e8te affili\u00e9e au club n\u00e9erlandophone ACA Alken, est en train de battre tous les records. Elle poss\u00e9dait d\u00e9j\u00e0 le record de Belgique en hexathlon depuis l\u2019\u00e9t\u00e9 pass\u00e9, apr\u00e8s avoir accumul\u00e9 un total de 4385 points. Cette ann\u00e9e-ci, elle am\u00e9liore son propre","canonical_url":"https:\/\/trackandmemes.com\/en\/etoilia-gorrens-une-etoile-supplementaire-pour-lathletisme-belge\/","robots":"max-image-preview:large","keywords":"","webmasterTools":{"miscellaneous":""},"schema":{"@context":"https:\/\/schema.org","@graph":[{"@type":"BlogPosting","@id":"https:\/\/trackandmemes.com\/en\/etoilia-gorrens-une-etoile-supplementaire-pour-lathletisme-belge\/#blogposting","name":"Etoilia Gorrens, une \u00e9toile suppl\u00e9mentaire pour l\u2019athl\u00e9tisme belge \u2013 Trackandmemes","headline":"Etoilia Gorrens, une \u00e9toile suppl\u00e9mentaire pour l\u2019athl\u00e9tisme belge","author":{"@id":"https:\/\/trackandmemes.com\/en\/author\/trackandmemes\/#author"},"publisher":{"@id":"https:\/\/trackandmemes.com\/en\/#organization"},"image":{"@type":"ImageObject","url":"https:\/\/trackandmemes.com\/wp-content\/uploads\/2026\/08\/0d92d7ba-baff-49c6-961e-4a986fe891fa.jpeg","width":1080,"height":720},"datePublished":"2026-08-20T11:10:01+02:00","dateModified":"2026-08-20T11:49:17+02:00","inLanguage":"en-US","mainEntityOfPage":{"@id":"https:\/\/trackandmemes.com\/en\/etoilia-gorrens-une-etoile-supplementaire-pour-lathletisme-belge\/#webpage"},"isPartOf":{"@id":"https:\/\/trackandmemes.com\/en\/etoilia-gorrens-une-etoile-supplementaire-pour-lathletisme-belge\/#webpage"},"articleSection":"Epreuves combin\u00e9es, Belgian athletics, \u00e9preuves combin\u00e9es, heptathlon, hexathlon, sport belgique"},{"@type":"BreadcrumbList","@id":"https:\/\/trackandmemes.com\/en\/etoilia-gorrens-une-etoile-supplementaire-pour-lathletisme-belge\/#breadcrumblist","itemListElement":[{"@type":"ListItem","@id":"https:\/\/trackandmemes.com\/en#listItem","position":1,"name":"Accueil","item":"https:\/\/trackandmemes.com\/en","nextItem":{"@type":"ListItem","@id":"https:\/\/trackandmemes.com\/en\/category\/epreuves-combinees\/#listItem","name":"Epreuves combin\u00e9es"}},{"@type":"ListItem","@id":"https:\/\/trackandmemes.com\/en\/category\/epreuves-combinees\/#listItem","position":2,"name":"Epreuves combin\u00e9es","item":"https:\/\/trackandmemes.com\/en\/category\/epreuves-combinees\/","nextItem":{"@type":"ListItem","@id":"https:\/\/trackandmemes.com\/en\/etoilia-gorrens-une-etoile-supplementaire-pour-lathletisme-belge\/#listItem","name":"Etoilia Gorrens, une \u00e9toile suppl\u00e9mentaire pour l\u2019athl\u00e9tisme belge"},"previousItem":{"@type":"ListItem","@id":"https:\/\/trackandmemes.com\/en#listItem","name":"Accueil"}},{"@type":"ListItem","@id":"https:\/\/trackandmemes.com\/en\/etoilia-gorrens-une-etoile-supplementaire-pour-lathletisme-belge\/#listItem","position":3,"name":"Etoilia Gorrens, une \u00e9toile suppl\u00e9mentaire pour l\u2019athl\u00e9tisme belge","previousItem":{"@type":"ListItem","@id":"https:\/\/trackandmemes.com\/en\/category\/epreuves-combinees\/#listItem","name":"Epreuves combin\u00e9es"}}]},{"@type":"Organization","@id":"https:\/\/trackandmemes.com\/en\/#organization","name":"trackandmemes","description":"JOURNAL DE BORD D'UN ATHL\u00c8TE","url":"https:\/\/trackandmemes.com\/en\/","telephone":"+32468181148","logo":{"@type":"ImageObject","url":"https:\/\/trackandmemes.com\/wp-content\/uploads\/2021\/04\/cropped-Fichier-2.png","@id":"https:\/\/trackandmemes.com\/en\/etoilia-gorrens-une-etoile-supplementaire-pour-lathletisme-belge\/#organizationLogo","width":512,"height":512},"image":{"@id":"https:\/\/trackandmemes.com\/en\/etoilia-gorrens-une-etoile-supplementaire-pour-lathletisme-belge\/#organizationLogo"},"sameAs":["https:\/\/twitter.com\/trackandmemes?s=21","https:\/\/www.instagram.com\/trackandmemesmagazine\/"]},{"@type":"Person","@id":"https:\/\/trackandmemes.com\/en\/author\/trackandmemes\/#author","url":"https:\/\/trackandmemes.com\/en\/author\/trackandmemes\/","name":"trackandmemes","image":{"@type":"ImageObject","@id":"https:\/\/trackandmemes.com\/en\/etoilia-gorrens-une-etoile-supplementaire-pour-lathletisme-belge\/#authorImage","url":"https:\/\/secure.gravatar.com\/avatar\/0d4e08c42bddb887cc3e0d362a4fbf083721d6c957cddaa55fe6c7284d19ba9b?s=96&d=mm&r=g","width":96,"height":96,"caption":"trackandmemes"},"sameAs":["https:\/\/www.facebook.com\/trackandmemes","https:\/\/twitter.com\/trackandmemes","https:\/\/www.instagram.com\/trackandmemesmagazine\/"]},{"@type":"WebPage","@id":"https:\/\/trackandmemes.com\/en\/etoilia-gorrens-une-etoile-supplementaire-pour-lathletisme-belge\/#webpage","url":"https:\/\/trackandmemes.com\/en\/etoilia-gorrens-une-etoile-supplementaire-pour-lathletisme-belge\/","name":"Etoilia Gorrens, une \u00e9toile suppl\u00e9mentaire pour l\u2019athl\u00e9tisme belge \u2013 Trackandmemes","description":"R\u00e9alis\u00e9 par Trackandmemes, le 20 ao\u00fbt 2026 \u00c2g\u00e9e de seulement 15 ans, Etoilia Gorrens, l\u2019athl\u00e8te affili\u00e9e au club n\u00e9erlandophone ACA Alken, est en train de battre tous les records. Elle poss\u00e9dait d\u00e9j\u00e0 le record de Belgique en hexathlon depuis l\u2019\u00e9t\u00e9 pass\u00e9, apr\u00e8s avoir accumul\u00e9 un total de 4385 points. Cette ann\u00e9e-ci, elle am\u00e9liore son propre","inLanguage":"en-US","isPartOf":{"@id":"https:\/\/trackandmemes.com\/en\/#website"},"breadcrumb":{"@id":"https:\/\/trackandmemes.com\/en\/etoilia-gorrens-une-etoile-supplementaire-pour-lathletisme-belge\/#breadcrumblist"},"author":{"@id":"https:\/\/trackandmemes.com\/en\/author\/trackandmemes\/#author"},"creator":{"@id":"https:\/\/trackandmemes.com\/en\/author\/trackandmemes\/#author"},"image":{"@type":"ImageObject","url":"https:\/\/trackandmemes.com\/wp-content\/uploads\/2026\/08\/0d92d7ba-baff-49c6-961e-4a986fe891fa.jpeg","@id":"https:\/\/trackandmemes.com\/en\/etoilia-gorrens-une-etoile-supplementaire-pour-lathletisme-belge\/#mainImage","width":1080,"height":720},"primaryImageOfPage":{"@id":"https:\/\/trackandmemes.com\/en\/etoilia-gorrens-une-etoile-supplementaire-pour-lathletisme-belge\/#mainImage"},"datePublished":"2026-08-20T11:10:01+02:00","dateModified":"2026-08-20T11:49:17+02:00"},{"@type":"WebSite","@id":"https:\/\/trackandmemes.com\/en\/#website","url":"https:\/\/trackandmemes.com\/en\/","name":"Trackandmemes Magazine","alternateName":"Trackandmemes","description":"JOURNAL DE BORD D'UN ATHL\u00c8TE","inLanguage":"en-US","publisher":{"@id":"https:\/\/trackandmemes.com\/en\/#organization"}}]},"og:locale":"en_US","og:site_name":"Trackandmemes \u2013 JOURNAL DE BORD D'UN ATHL\u00c8TE","og:type":"article","og:title":"Etoilia Gorrens, une \u00e9toile suppl\u00e9mentaire pour l\u2019athl\u00e9tisme belge \u2013 Trackandmemes","og:description":"R\u00e9alis\u00e9 par Trackandmemes, le 20 ao\u00fbt 2026 \u00c2g\u00e9e de seulement 15 ans, Etoilia Gorrens, l\u2019athl\u00e8te affili\u00e9e au club n\u00e9erlandophone ACA Alken, est en train de battre tous les records. Elle poss\u00e9dait d\u00e9j\u00e0 le record de Belgique en hexathlon depuis l\u2019\u00e9t\u00e9 pass\u00e9, apr\u00e8s avoir accumul\u00e9 un total de 4385 points. Cette ann\u00e9e-ci, elle am\u00e9liore son propre","og:url":"https:\/\/trackandmemes.com\/en\/etoilia-gorrens-une-etoile-supplementaire-pour-lathletisme-belge\/","og:image":"https:\/\/trackandmemes.com\/wp-content\/uploads\/2026\/08\/0d92d7ba-baff-49c6-961e-4a986fe891fa.jpeg","og:image:secure_url":"https:\/\/trackandmemes.com\/wp-content\/uploads\/2026\/08\/0d92d7ba-baff-49c6-961e-4a986fe891fa.jpeg","og:image:width":1080,"og:image:height":720,"article:published_time":"2026-08-20T09:10:01+00:00","article:modified_time":"2026-08-20T09:49:17+00:00","article:author":"https:\/\/www.facebook.com\/trackandmemes","twitter:card":"summary","twitter:site":"@trackandmemes","twitter:title":"Etoilia Gorrens, une \u00e9toile suppl\u00e9mentaire pour l\u2019athl\u00e9tisme belge \u2013 Trackandmemes","twitter:description":"R\u00e9alis\u00e9 par Trackandmemes, le 20 ao\u00fbt 2026 \u00c2g\u00e9e de seulement 15 ans, Etoilia Gorrens, l\u2019athl\u00e8te affili\u00e9e au club n\u00e9erlandophone ACA Alken, est en train de battre tous les records. Elle poss\u00e9dait d\u00e9j\u00e0 le record de Belgique en hexathlon depuis l\u2019\u00e9t\u00e9 pass\u00e9, apr\u00e8s avoir accumul\u00e9 un total de 4385 points. Cette ann\u00e9e-ci, elle am\u00e9liore son propre","twitter:creator":"@trackandmemes","twitter:image":"https:\/\/trackandmemes.com\/wp-content\/uploads\/2026\/08\/0d92d7ba-baff-49c6-961e-4a986fe891fa.jpeg"},"aioseo_meta_data":{"post_id":"2344","title":null,"description":null,"keywords":null,"keyphrases":{"focus":[],"additional":[]},"primary_term":null,"canonical_url":null,"og_title":null,"og_description":null,"og_object_type":"default","og_image_type":"default","og_image_url":null,"og_image_width":null,"og_image_height":null,"og_image_custom_url":null,"og_image_custom_fields":null,"og_video":null,"og_custom_url":null,"og_article_section":null,"og_article_tags":null,"twitter_use_og":false,"twitter_card":"default","twitter_image_type":"default","twitter_image_url":null,"twitter_image_custom_url":null,"twitter_image_custom_fields":null,"twitter_title":null,"twitter_description":null,"schema":{"blockGraphs":[],"customGraphs":[],"default":{"data":{"Article":[],"Course":[],"Dataset":[],"FAQPage":[],"Movie":[],"Person":[],"Product":[],"ProductReview":[],"Car":[],"Recipe":[],"Service":[],"SoftwareApplication":[],"WebPage":[]},"graphName":"","isEnabled":true},"graphs":[]},"schema_type":"default","schema_type_options":null,"pillar_content":false,"robots_default":true,"robots_noindex":false,"robots_noarchive":false,"robots_nosnippet":false,"robots_nofollow":false,"robots_noimageindex":false,"robots_noodp":false,"robots_notranslate":false,"robots_max_snippet":null,"robots_max_videopreview":null,"robots_max_imagepreview":"large","priority":null,"frequency":null,"local_seo":null,"breadcrumb_settings":null,"limit_modified_date":false,"ai":null,"created":"2026-08-20 09:13:02","updated":"2026-08-21 12:33:54","seo_analyzer_scan_date":null,"focus_keyword":null,"additional_keywords":null,"truseo_locale":null},"_links":{"self":[{"href":"https:\/\/trackandmemes.com\/en\/wp-json\/wp\/v2\/posts\/2344","targetHints":{"allow":["GET"]}}],"collection":[{"href":"https:\/\/trackandmemes.com\/en\/wp-json\/wp\/v2\/posts"}],"about":[{"href":"https:\/\/trackandmemes.com\/en\/wp-json\/wp\/v2\/types\/post"}],"author":[{"embeddable":true,"href":"https:\/\/trackandmemes.com\/en\/wp-json\/wp\/v2\/users\/1"}],"replies":[{"embeddable":true,"href":"https:\/\/trackandmemes.com\/en\/wp-json\/wp\/v2\/comments?post=2344"}],"version-history":[{"count":13,"href":"https:\/\/trackandmemes.com\/en\/wp-json\/wp\/v2\/posts\/2344\/revisions"}],"predecessor-version":[{"id":2363,"href":"https:\/\/trackandmemes.com\/en\/wp-json\/wp\/v2\/posts\/2344\/revisions\/2363"}],"wp:featuredmedia":[{"embeddable":true,"href":"https:\/\/trackandmemes.com\/en\/wp-json\/wp\/v2\/media\/2343"}],"wp:attachment":[{"href":"https:\/\/trackandmemes.com\/en\/wp-json\/wp\/v2\/media?parent=2344"}],"wp:term":[{"taxonomy":"category","embeddable":true,"href":"https:\/\/trackandmemes.com\/en\/wp-json\/wp\/v2\/categories?post=2344"},{"taxonomy":"post_tag","embeddable":true,"href":"https:\/\/trackandmemes.com\/en\/wp-json\/wp\/v2\/tags?post=2344"}],"curies":[{"name":"wp","href":"https:\/\/api.w.org\/{rel}","templated":true}]}}